[{"@context":"https:\/\/schema.org\/","@type":"Article","@id":"https:\/\/www.rohnisch.sk\/moda-babieho-leta\/#Article","mainEntityOfPage":"https:\/\/www.rohnisch.sk\/moda-babieho-leta\/","headline":"M\u00f3da Babieho leta","name":"M\u00f3da Babieho leta","description":"S\u00a0posledn\u00fdmi slne\u010dn\u00fdmi l\u00fa\u010dmi postupne odklad\u00e1me do skr\u00ed\u0148 letn\u00e9 oble\u010denie, \u0161aty a\u00a0plavky. Aby n\u00e1m v\u0161ak nebolo smutno za \u013eahk\u00fdm a\u00a0svie\u017eim oble\u010den\u00edm, ktor\u00e9 sme tak radi cez leto striedali, pozrieme sa spolu [&hellip;]","datePublished":"2019-08-09","dateModified":"2023-04-28","author":{"@type":"Person","@id":"https:\/\/www.rohnisch.sk\/author\/#Person","name":"","url":"https:\/\/www.rohnisch.sk\/author\/","identifier":1,"image":{"@type":"ImageObject","@id":"https:\/\/secure.gravatar.com\/avatar\/774cfd57496a9f02284489749b4229073861faca9d8a66df7d65507a77c5d31f?s=96&d=mm&r=g","url":"https:\/\/secure.gravatar.com\/avatar\/774cfd57496a9f02284489749b4229073861faca9d8a66df7d65507a77c5d31f?s=96&d=mm&r=g","height":96,"width":96}},"publisher":{"@type":"Organization","name":"rohnisch.sk","logo":{"@type":"ImageObject","@id":"\/logo.png","url":"\/logo.png","width":600,"height":60}},"image":{"@type":"ImageObject","@id":"https:\/\/www.rohnisch.sk\/wp-content\/uploads\/img_a306134_w16768_t1568641292.jpg","url":"https:\/\/www.rohnisch.sk\/wp-content\/uploads\/img_a306134_w16768_t1568641292.jpg","height":0,"width":0},"url":"https:\/\/www.rohnisch.sk\/moda-babieho-leta\/","about":["M\u00f3da"],"wordCount":532,"articleBody":"S\u00a0posledn\u00fdmi slne\u010dn\u00fdmi l\u00fa\u010dmi postupne odklad\u00e1me do skr\u00ed\u0148 letn\u00e9 oble\u010denie, \u0161aty a\u00a0plavky. Aby n\u00e1m v\u0161ak nebolo smutno za \u013eahk\u00fdm a\u00a0svie\u017eim oble\u010den\u00edm, ktor\u00e9 sme tak radi cez leto striedali, pozrieme sa spolu \u010do n\u00e1s \u010dak\u00e1 v\u00a0m\u00f3de na jese\u0148 2019.Ako ste si isto v\u0161imli slnko hreje postupne \u010doraz menej a\u00a0preto je vhodn\u00e9 pomaly ale isto za\u010da\u0165 triedi\u0165 aj \u0161atn\u00edk a\u00a0doplni\u0165 si oble\u010denie na jese\u0148. Tento rok sa m\u00f4\u017eeme te\u0161i\u0165 na ve\u013emi tepl\u00e9 a\u00a0slne\u010dn\u00e9 babie leto a\u00a0preto sa s\u00a0niektor\u00fdmi k\u00faskami e\u0161te rozl\u00fa\u010di\u0165 nemus\u00edme. Letn\u00e9 \u0161aty a\u00a0sukne m\u00f4\u017eeme vyu\u017ei\u0165 aj po\u010das jesene, doplnen\u00e9 vhodn\u00fdmi pan\u010du\u0161kami r\u00f4znych farieb, ktor\u00e9 n\u00e1s pr\u00edjemne zahrej\u00fa ke\u010f bud\u00fa r\u00e1na chladn\u00e9. Fant\u00e1zia m\u00e1 vo\u013en\u00fa ruku a\u00a0nebojte sa kombinova\u0165 vesel\u00e9 tepl\u00e9 odtiene \u010di u\u017e na oble\u010den\u00ed alebo doplnkoch.Osobitnou kateg\u00f3riou jesenn\u00e9ho oble\u010denia aj na\u010falej zost\u00e1va v\u0161etko \u010do je h\u00e1\u010dkovan\u00e9 alebo \u0161trikovan\u00e9. Preto by vo Va\u0161om \u0161atn\u00edku rozhodne nemali ch\u00fdba\u0165 h\u00e1\u010dkovan\u00e9 \u010diapky, klob\u00fa\u010diky \u010di \u0161\u00e1ly, ktor\u00e9 ocen\u00edme po\u010das chladnej\u0161\u00edch a\u00a0upr\u0161an\u00fdch dn\u00ed. Pri ich v\u00fdbere v\u0161ak db\u00e1me najm\u00e4 na kvalitu materi\u00e1lu, z\u00a0ktor\u00fdch s\u00fa vyroben\u00e9.Nezab\u00fadame ani na bundy \u010di kab\u00e1tiky. \u201eIn\u201c st\u00e1le zost\u00e1vaj\u00fa ko\u017een\u00e9 bundi\u010dky do p\u00e1su, ale aj oversize bundy a\u00a0kab\u00e1ty. Tieto k\u00fasky by mali pon\u00faka\u0165 komfort a\u00a0pohodlie a\u00a0z\u00e1rove\u0148 p\u00f4sobi\u0165 \u0161t\u00fdlovo. Na trhu je mno\u017estvo kvalitn\u00fdch zna\u010diek a\u00a0ur\u010dite si vyberiete ten V\u00e1\u0161 k\u00fasok v\u00a0ktorom sa budete c\u00edti\u0165 pohodlne.Na jese\u0148 je potrebn\u00e9 z\u00e1sobi\u0165 sa aj \u0161t\u00fdlovou mikinou alebo svetr\u00edkom, ktor\u00fd bude skvel\u00fdm doplnkom k\u00a0d\u017e\u00ednsom alebo sukni. V\u00e1\u0161 outfit zdokonal\u00edte vhodne zvolen\u00fdmi doplnkami, ako s\u00fa napr\u00edklad r\u00f4zne farebn\u00e9 \u0161atky, \u0161\u00e1ly \u010di \u010diapky.D\u00f4le\u017eitou s\u00fa\u010das\u0165ou jesenn\u00e9ho outfitu je nepochybne obuv.\u00a0 Absol\u00fatnou nevyhnutnos\u0165ou s\u00fa gum\u00e1ky, ktor\u00e9 s\u00fa dnes pomerne m\u00f3dne a\u00a0vkusne doladen\u00e9, navy\u0161e aj praktick\u00e9\u00a0 a\u00a0s\u00fa m\u00f3dnym hitom u\u017e nieko\u013eko rokov. Nemus\u00edte sa b\u00e1\u0165 ich nosenia s\u00a0pocitom, \u017ee ste pr\u00e1ve vy\u0161li zo z\u00e1hrady. Dne\u0161n\u00e9 k\u00fasky s\u00fa naozaj vkusne prepracovan\u00e9 a\u00a0pohodln\u00e9. Ak m\u00e1te rada sk\u00f4r \u0161portov\u00fd \u0161t\u00fdl, tak by V\u00e1m nemali ch\u00fdba\u0165 kvalitn\u00e9 tenisky, \u010di u\u017e \u010dlenkov\u00e9 alebo vy\u0161\u0161ie. V\u00a0ponuke n\u00e1jdeme tenisky, ktor\u00e9 sa skvele hodia k\u00a0sukni alebo \u0161at\u00e1m a\u00a0rovnako ich vyu\u017eijete aj s\u00a0d\u017e\u00ednsami do pr\u00e1ce alebo do \u0161koly.V\u00a0sychravom po\u010das\u00ed nezab\u00fadame ani na d\u00e1\u017edniky s\u00a0veselou potla\u010dou alebo praktick\u00fdm pr\u0161ipl\u00e1\u0161\u0165om, vhodn\u00fdm sk\u00f4r na prech\u00e1dzky v\u00a0pr\u00edrode.Takto vybaven\u00fd \u0161atn\u00edk m\u00f4\u017eete vyu\u017ei\u0165 po\u010das jesene \u010di u\u017e bude kr\u00e1sna tepl\u00e1 ako bola predpovedan\u00e1 ale i\u00a0v\u00a0pr\u00edpade sychrav\u00e9ho a\u00a0chladnej\u0161ieho po\u010dasia.                                                                                                                                                                                                                                                                                                                                                                                        4.7\/5 - (9 votes)        "},{"@context":"https:\/\/schema.org\/","@type":"BreadcrumbList","itemListElement":[{"@type":"ListItem","position":1,"name":"M\u00f3da Babieho leta","item":"https:\/\/www.rohnisch.sk\/moda-babieho-leta\/#breadcrumbitem"}]}]