[{"@context":"https:\/\/schema.org\/","@type":"Article","@id":"https:\/\/www.rohnisch.sk\/modne-vystrelky-ano-ci-nie\/#Article","mainEntityOfPage":"https:\/\/www.rohnisch.sk\/modne-vystrelky-ano-ci-nie\/","headline":"M\u00f3dne v\u00fdstrelky &#8211; \u00e1no, \u010di nie?","name":"M\u00f3dne v\u00fdstrelky &#8211; \u00e1no, \u010di nie?","description":"M\u00f3da a jej p\u00f4sobenie vo svete je ve\u013emi roz\u0161\u00edren\u00e9. Ka\u017ed\u00e9 men\u0161ie diev\u010da sa t\u00fa\u017ei sta\u0165 modelkou, ktor\u00e1 by predv\u00e1dzala r\u00f4zne zn\u00e1me zna\u010dky a cestovala by po celom svete. Nosila by [&hellip;]","datePublished":"2019-12-14","dateModified":"2023-04-28","author":{"@type":"Person","@id":"https:\/\/www.rohnisch.sk\/author\/#Person","name":"","url":"https:\/\/www.rohnisch.sk\/author\/","identifier":1,"image":{"@type":"ImageObject","@id":"https:\/\/secure.gravatar.com\/avatar\/774cfd57496a9f02284489749b4229073861faca9d8a66df7d65507a77c5d31f?s=96&d=mm&r=g","url":"https:\/\/secure.gravatar.com\/avatar\/774cfd57496a9f02284489749b4229073861faca9d8a66df7d65507a77c5d31f?s=96&d=mm&r=g","height":96,"width":96}},"publisher":{"@type":"Organization","name":"rohnisch.sk","logo":{"@type":"ImageObject","@id":"\/logo.png","url":"\/logo.png","width":600,"height":60}},"image":{"@type":"ImageObject","@id":"https:\/\/www.rohnisch.sk\/wp-content\/uploads\/img_a309047_w16768_t1577625328.jpg","url":"https:\/\/www.rohnisch.sk\/wp-content\/uploads\/img_a309047_w16768_t1577625328.jpg","height":0,"width":0},"url":"https:\/\/www.rohnisch.sk\/modne-vystrelky-ano-ci-nie\/","about":["M\u00f3da"],"wordCount":475,"articleBody":"M\u00f3da a jej p\u00f4sobenie vo svete je ve\u013emi roz\u0161\u00edren\u00e9. Ka\u017ed\u00e9 men\u0161ie diev\u010da sa t\u00fa\u017ei sta\u0165 modelkou, ktor\u00e1 by predv\u00e1dzala r\u00f4zne zn\u00e1me zna\u010dky a cestovala by po celom svete. Nosila by na sebe sam\u00e9 drah\u00e9 oble\u010denie, r\u00f4zne vychyt\u00e1vky, k\u00fasky, ktor\u00e9 sa nikdy vo svete neopakuj\u00fa, s\u00fa origin\u00e1lne. Ke\u010f v\u0161ak tro\u0161ku vyrastie, tak z toho vyrastie, preto\u017ee sa jej dostan\u00fa do u\u0161\u00ed aj slov\u00e1 o m\u00f3dnom priemysle, ktor\u00fd nie je celkom ekologick\u00fd a potom s\u00fa tu e\u0161te spr\u00e1vy o tom, \u017ee niektor\u00e9 modelky jed\u00e1vaj\u00fa vatu s olejom, \u010di podobn\u00e9 vychyt\u00e1vky, ktor\u00e9 im napu\u010dia v bruchu a tak nie s\u00fa hladn\u00e9. Ve\u010f je jasn\u00e9, \u017ee musia by\u0165 chud\u00e9, preto\u017ee vlastne sl\u00fa\u017eia ako ve\u0161iak na veci, oble\u010denie, ktor\u00e9 predv\u00e1dzaj\u00fa.\u00a0Oplat\u00ed sa teda sledova\u0165 m\u00f3du a riadi\u0165 sa pod\u013ea nej? M\u00f3da je ve\u013emi o\u0161emetn\u00e1 z\u00e1le\u017eitos\u0165. M\u00e1 svoje pre aj proti, ale mohli by sme to zhrn\u00fa\u0165 aj v nasleduj\u00facich bodoch:\t\tAk chcete sledova\u0165 m\u00f3du a riadi\u0165 sa pod\u013ea nej, mali by sme ma\u0165 na to dostato\u010dn\u00fd kapit\u00e1l. Treba si n\u00e1js\u0165 minim\u00e1lne nejak\u00e9ho sponzora, ktor\u00fd v\u00e1s bude dotova\u0165. Ak chcete nosi\u0165 aktu\u00e1lnu m\u00f3du, tak si budete musie\u0165 siahnu\u0165 hlb\u0161ie do vrecka ako pri be\u017enom oble\u010den\u00ed a to vy\u017eaduje ten kapit\u00e1l. A t\u00fdm, \u017ee znosen\u00e9 oble\u010denie budete pred\u00e1va\u0165 si ve\u013emi dobr\u00fd imid\u017e nevytvor\u00edte. Na to si dajte poriadny pozor.\t\tKe\u010f nechcete by\u0165 na smiech, tak sa sk\u00faste zaradi\u0165 do takej komunity, kde to bude ocenen\u00e9. Nosi\u0165 toti\u017e nejak\u00e9 m\u00f3dne v\u00fdstrelky na dediny odkia\u013e poch\u00e1dzate, by asi nebola vhodn\u00e1 vo\u013eba. Be\u017en\u00ed \u013eudia k tomu nem\u00e1vaj\u00fa ve\u013ek\u00e9 pochopenie a preto sa im sk\u00f4r zd\u00e1te \u010dudne sa obliekaj\u00faci a nie ako m\u00f3dna ikona.\t\tSk\u00faste sa in\u0161pirova\u0165 nejakou zn\u00e1mej\u0161ou osobnos\u0165ou pri tvorbe svojho outfitu. Nez\u00e1le\u017e\u00ed toti\u017e na tom, \u017ee vy si nak\u00fapite v\u0161etky m\u00f3dne veci, ale mus\u00edte ich vedie\u0165 aj nosi\u0165 a kombinova\u0165. A to je riadne umenie. Ak aj m\u00e1te vkus, treba si ho poriadne vycibri\u0165 tr\u00e9novan\u00edm a pr\u00edpadne aj poradou s niek\u00fdm sk\u00fasenej\u0161\u00edm, kto v\u00e1m povie, \u010di ste si to dan\u00e9 oble\u010denie aj dobre zladili.\u00a0M\u00f3da sa d\u00e1 ch\u00e1pa\u0165 z r\u00f4znych uhlov a ka\u017ed\u00e9mu sa p\u00e1\u010di nie\u010do in\u00e9. Ak ostanete samy sebou, potom nemus\u00edte pozera\u0165 na m\u00f3dne ikony ako sa obliekaj\u00fa. Vy sa oble\u010dte tak, aby ste sa c\u00edtili dobre. Nech to nikdy netr\u010d\u00ed, netla\u010d\u00ed a nech sa c\u00edtite pohodlne.                                                                                                                                                                                                                                                                                                                                                                                        4.5\/5 - (11 votes)        "},{"@context":"https:\/\/schema.org\/","@type":"BreadcrumbList","itemListElement":[{"@type":"ListItem","position":1,"name":"M\u00f3dne v\u00fdstrelky &#8211; \u00e1no, \u010di nie?","item":"https:\/\/www.rohnisch.sk\/modne-vystrelky-ano-ci-nie\/#breadcrumbitem"}]}]