[{"@context":"https:\/\/schema.org\/","@type":"Article","@id":"https:\/\/www.rohnisch.sk\/novinky-a-aktualnosti-z-webu\/#Article","mainEntityOfPage":"https:\/\/www.rohnisch.sk\/novinky-a-aktualnosti-z-webu\/","headline":"Novinky a aktu\u00e1lnosti z webu","name":"Novinky a aktu\u00e1lnosti z webu","description":"Ur\u010dite sa v\u0161etci zhodneme na tom \u017ee web je slobodn\u00fd priestor, na ktorom sa m\u00f4\u017eeme dozvedie\u0165 ve\u013ea nov\u00fdch a aktu\u00e1lnych inform\u00e1ci\u00ed. Forma nov\u00edn \u010di dokonca \u010dasopisov a telev\u00edzie zanik\u00e1, preto\u017ee [&hellip;]","datePublished":"2018-02-17","dateModified":"2023-04-28","author":{"@type":"Person","@id":"https:\/\/www.rohnisch.sk\/author\/#Person","name":"","url":"https:\/\/www.rohnisch.sk\/author\/","identifier":1,"image":{"@type":"ImageObject","@id":"https:\/\/secure.gravatar.com\/avatar\/774cfd57496a9f02284489749b4229073861faca9d8a66df7d65507a77c5d31f?s=96&d=mm&r=g","url":"https:\/\/secure.gravatar.com\/avatar\/774cfd57496a9f02284489749b4229073861faca9d8a66df7d65507a77c5d31f?s=96&d=mm&r=g","height":96,"width":96}},"publisher":{"@type":"Organization","name":"rohnisch.sk","logo":{"@type":"ImageObject","@id":"\/logo.png","url":"\/logo.png","width":600,"height":60}},"image":{"@type":"ImageObject","@id":"https:\/\/www.rohnisch.sk\/wp-content\/uploads\/img_a286972_w2010_t1523993085.jpg","url":"https:\/\/www.rohnisch.sk\/wp-content\/uploads\/img_a286972_w2010_t1523993085.jpg","height":0,"width":0},"url":"https:\/\/www.rohnisch.sk\/novinky-a-aktualnosti-z-webu\/","wordCount":458,"articleBody":"Ur\u010dite sa v\u0161etci zhodneme na tom \u017ee web je slobodn\u00fd priestor, na ktorom sa m\u00f4\u017eeme dozvedie\u0165 ve\u013ea nov\u00fdch a aktu\u00e1lnych inform\u00e1ci\u00ed. Forma nov\u00edn \u010di dokonca \u010dasopisov a telev\u00edzie zanik\u00e1, preto\u017ee v\u0161etky aktu\u00e1lne inform\u00e1cie a okrem toho i \u013eubovo\u013enej z\u00e1bavy takmer bez rekl\u00e1m, n\u00e1jdeme na internete formou webov\u00fdch str\u00e1nok. No v tomto \u010dl\u00e1nku sa chcem venova\u0165 hlavne t\u00fdm aktu\u00e1lnym inform\u00e1ci\u00e1m, ktor\u00e9 moment\u00e1lne na webe n\u00e1jdeme. Pok\u00fasim sa vybra\u0165 niektor\u00e9 zauj\u00edmav\u00e9, ktor\u00e9 V\u00e1s d\u00fafam zaujm\u00fa. Pomocou webu napr\u00edklad aj ja teraz, m\u00f4\u017eem \u0161\u00edri\u0165 ur\u010dit\u00e9 aktuality a inform\u00e1cie zasa \u010falej medzi V\u00e1s.V Braz\u00edlii rozhodol s\u00fad o tom, \u017ee homosexualita sa d\u00e1 lie\u010di\u0165! T\u00fdmto rozsudkom vlastne mo\u017eno nechtiac s\u00fad povedal, \u017ee sa teda jedn\u00e1 o chorobu a nie vroden\u00fa sexualitu. Ako si viete predstavi\u0165, mno\u017estvo \u013eud\u00ed to roz\u010d\u00falilo a zorganizovali protestn\u00fd pochod. I\u0161lo o pochod v Rio de Janeiro a sudca vlastne poru\u0161il z\u00e1kon star\u00fd dvadsa\u0165 rokov ktor\u00fd vrav\u00ed o tom, \u017ee homosexualita nesmie by\u0165 pova\u017eovan\u00e1 za chorobu a teda psychiatri sa ju nem\u00f4\u017eu pok\u00fasi\u0165 lie\u010di\u0165. Pod\u013ea poru\u0161en\u00e9ho z\u00e1kona sa na t\u00fato orient\u00e1ciu m\u00e1 hladie\u0165 ako na vroden\u00fa a prirodzen\u00fa a nie ako na nejak\u00fa du\u0161evn\u00fa poruchu. S\u00fad v\u0161ak rozhodol a zrejme bude mo\u017en\u00e9 pozera\u0165 na vec ako na chorobu, teda \u013eudia s touto orient\u00e1ciou, pokia\u013e ju priznaj\u00fa, bud\u00fa lie\u010den\u00ed, alebo aspo\u0148 im lie\u010dba bude doporu\u010den\u00e1.Nov\u00fd z\u00e1kon o reflexn\u00fdch prvkoch \u017eia\u013e nezanechal pozit\u00edvne v\u00fdsledky. Zrejme sme si skoro v\u0161etci vedom\u00ed ned\u00e1vno schv\u00e1len\u00e9ho z\u00e1kona, kedy chodci musia nosi\u0165 reflexn\u00e9 prvky. Hlavne pokia\u013e sa bl\u00ed\u017ei tma a hor\u0161ia vidite\u013enos\u0165. Za nedodr\u017eanie tohto pr\u00edkazu u\u017e niektor\u00ed \u013eudia dostali i pokutu. No \u017eia\u013e, pozit\u00edvne v\u00fdsledky sa nedostavili. Pod\u013ea \u0161tatist\u00edk je \u00famrtnos\u0165 chodcov na cest\u00e1ch takmer rovnak\u00e1, ne\u017e pred vydan\u00edm tohto z\u00e1kona.V Po\u013esku vznikol z\u00e1kon, ktor\u00fd star\u00fdm \u013eu\u010fom berie penziu Akou cestou uk\u00e1za\u0165, \u017ee pr\u00e1ve dne\u0161n\u00e9 &#8222;demokratick\u00e9&#8220; z\u00e1kony s\u00fa slobodn\u00e9 a ka\u017ed\u00e9mu ob\u010danovi dopraj\u00fa pohodu? Ako uk\u00e1za\u0165, \u017ee s\u00fa lep\u0161ie ne\u017e za komunizmu? No predsa t\u00fdm najblb\u0161\u00edm, no pritom uk\u00e1\u017ekov\u00fdm sp\u00f4sobom, kedy sa &#8222;demokracia&#8220; uk\u00e1zala v pravom svetle. Po\u013esk\u00fdm ob\u010danom, ktor\u00ed kedysi mali \u010do i len nie\u010do spolo\u010dn\u00e9 s komunistickou stranou, ak ju \u010do i len reprezentovali \u0161portom, strhn\u00fa podstatn\u00fa \u010das\u0165 z penzie.                                                                                                                                                                                                                                                                                                                                                                                         3.9\/5 - (9 votes)        "},{"@context":"https:\/\/schema.org\/","@type":"BreadcrumbList","itemListElement":[{"@type":"ListItem","position":1,"name":"Novinky a aktu\u00e1lnosti z webu","item":"https:\/\/www.rohnisch.sk\/novinky-a-aktualnosti-z-webu\/#breadcrumbitem"}]}]